{"id":5136,"date":"2025-09-13T15:40:46","date_gmt":"2025-09-13T15:40:46","guid":{"rendered":"https:\/\/www.staysitges.com\/blog\/?p=5136"},"modified":"2025-09-13T15:40:49","modified_gmt":"2025-09-13T15:40:49","slug":"santa-tecla-sitges-2025-del-13-al-28-de-septiembre","status":"publish","type":"post","link":"https:\/\/www.staysitges.com\/blog\/es\/2025\/09\/13\/santa-tecla-sitges-2025-del-13-al-28-de-septiembre\/","title":{"rendered":"Santa Tecla Sitges 2025 \u2013 del 13 al 28 de septiembre"},"content":{"rendered":"\n<p>Cada septiembre, Sitges vibra con una de sus celebraciones m\u00e1s queridas: <strong>Santa Tecla<\/strong>, la <em>Fiesta Mayor peque\u00f1a<\/em>. En 2025 se celebrar\u00e1 del <strong>13 al 28 de septiembre<\/strong>, con los d\u00edas principales el <strong>22 y 23 de septiembre<\/strong>.<\/p>\n\n\n\n<p>La fiesta combina lo mejor de la tradici\u00f3n sitgetana: desfiles de gigantes y cabezudos, bailes populares, correfocs, versos sat\u00edricos, conciertos y procesiones religiosas. Santa Tecla es la patrona de la parroquia de Sant Bartomeu i Santa Tecla, y su festividad se vive con intensidad tanto por los m\u00e1s peque\u00f1os como por toda la comunidad.<\/p>\n\n\n\n<hr class=\"wp-block-separator has-alpha-channel-opacity\"\/>\n\n\n\n<h3 class=\"wp-block-heading\"><strong>Eventos destacados<\/strong><\/h3>\n\n\n\n<h4 class=\"wp-block-heading\"><strong>Nit de Foc \u2013 s\u00e1bado 20 de septiembre<\/strong><\/h4>\n\n\n\n<p>Uno de los momentos m\u00e1s esperados de Santa Tecla es la <strong>Nit de Foc<\/strong>, una noche llena de p\u00f3lvora, fuego y ritmo.<\/p>\n\n\n\n<ul>\n<li><strong>19:30 h<\/strong>: <em>Timbalada<\/em>, desde la Fragata recorriendo Passeig de la Ribera y el casco antiguo.<br><\/li>\n\n\n\n<li><strong>20:30 h<\/strong>: <em>Espetegafoc<\/em>, un espect\u00e1culo de chispas y tracas en la Pla\u00e7a de l\u2019Ajuntament.<br><\/li>\n\n\n\n<li><strong>21:30 h<\/strong>: <em>Correfoc<\/em> con colles de diables y bestias de fuego recorriendo las calles hasta la plaza del Ayuntamiento.<br><\/li>\n\n\n\n<li><strong>23:00 h<\/strong>: Conciertos de la Nit de Foc en la Fragata, con m\u00fasica en directo.<br><\/li>\n<\/ul>\n\n\n\n<h4 class=\"wp-block-heading\"><strong>Versos infantils \u2013 viernes 19 y domingo 21 de septiembre<\/strong><\/h4>\n\n\n\n<p>Los m\u00e1s peque\u00f1os tambi\u00e9n tienen su protagonismo con los tradicionales <strong>versos de diables infantiles<\/strong>.<\/p>\n\n\n\n<ul>\n<li><strong>Viernes 19 a las 17:30 h<\/strong>: Preg\u00f3n infantil en el Palau del Rei Moro.<br><\/li>\n\n\n\n<li><strong>Domingo 21 a las 17:30 h<\/strong>: Encuentro de dragones y colles infantiles de diables en el Pont d\u2019en Dom\u00e8nech, con desfile hasta la Fragata y representaci\u00f3n de los <em>versos infantils<\/em>.<br><\/li>\n<\/ul>\n\n\n\n<h4 class=\"wp-block-heading\"><strong>Lunes 22 de septiembre \u2013 la v\u00edspera<\/strong><\/h4>\n\n\n\n<p>El d\u00eda de la v\u00edspera marca el inicio de los actos solemnes y el gran espect\u00e1culo pirot\u00e9cnico.<\/p>\n\n\n\n<ul>\n<li><strong>14:00 h<\/strong>: Encendido de los 21 morteretes y repique de campanas en la playa de la Fragata.<br><\/li>\n\n\n\n<li><strong>19:00 h<\/strong>: Procesi\u00f3n c\u00edvica desde la calle Santiago Rusi\u00f1ol hasta la parroquia.<br><\/li>\n\n\n\n<li><strong>23:00 h<\/strong>: Espect\u00e1culo de fuegos artificiales en la playa, iluminando la iglesia de Sant Bartomeu i Santa Tecla.<br><\/li>\n<\/ul>\n\n\n\n<h4 class=\"wp-block-heading\"><strong>Martes 23 de septiembre \u2013 d\u00eda de Santa Tecla<\/strong><\/h4>\n\n\n\n<p>La festividad alcanza su punto culminante el d\u00eda de la patrona.<\/p>\n\n\n\n<ul>\n<li><strong>06:30 h<\/strong>: <em>Matinal de foc<\/em> por las calles del casco antiguo.<br><\/li>\n\n\n\n<li><strong>07:00 h<\/strong>: <em>Matinal gran<\/em> con gigantes, cabezudos y bailes blancos infantiles.<br><\/li>\n\n\n\n<li><strong>08:00 h<\/strong>: <em>Matinal petita<\/em> para los m\u00e1s peque\u00f1os, con salida desde el Ayuntamiento.<br><\/li>\n\n\n\n<li><strong>11:00 h<\/strong>: Solemne oficio religioso en la parroquia de Sant Bartomeu i Santa Tecla.<br><\/li>\n\n\n\n<li><strong>13:00 h<\/strong>: Exhibici\u00f3n castellera en la Pla\u00e7a de l\u2019Ajuntament y concierto vermut.<br><\/li>\n\n\n\n<li><strong>18:30 h<\/strong>: Descenso del pilar de la Colla Jove de Sitges desde el Baluard.<br><\/li>\n\n\n\n<li><strong>19:00 h<\/strong>: Procesi\u00f3n en honor a Santa Tecla, con el tabern\u00e1culo, danzas y m\u00fasica popular.<br><\/li>\n\n\n\n<li><strong>24:00 h<\/strong>: Conciertos de cierre en el Passeig de la Ribera.<br><\/li>\n<\/ul>\n\n\n\n<p><a href=\"http:\/\/www.staysitges.com\">Reserva con nosotros y vive la experiencia de Sitges como nunca antes\u2026<\/a><\/p>\n","protected":false},"excerpt":{"rendered":"<p>Cada septiembre, Sitges vibra con una de sus celebraciones m\u00e1s queridas: Santa Tecla, la Fiesta Mayor peque\u00f1a. En 2025 se&#8230;<\/p>\n","protected":false},"author":23,"featured_media":5134,"comment_status":"closed","ping_status":"closed","sticky":false,"template":"","format":"standard","meta":{"footnotes":""},"categories":[897],"tags":[505,583,604,485,486,190,35,36,946,868,13,305],"_links":{"self":[{"href":"https:\/\/www.staysitges.com\/blog\/es\/wp-json\/wp\/v2\/posts\/5136"}],"collection":[{"href":"https:\/\/www.staysitges.com\/blog\/es\/wp-json\/wp\/v2\/posts"}],"about":[{"href":"https:\/\/www.staysitges.com\/blog\/es\/wp-json\/wp\/v2\/types\/post"}],"author":[{"embeddable":true,"href":"https:\/\/www.staysitges.com\/blog\/es\/wp-json\/wp\/v2\/users\/23"}],"replies":[{"embeddable":true,"href":"https:\/\/www.staysitges.com\/blog\/es\/wp-json\/wp\/v2\/comments?post=5136"}],"version-history":[{"count":1,"href":"https:\/\/www.staysitges.com\/blog\/es\/wp-json\/wp\/v2\/posts\/5136\/revisions"}],"predecessor-version":[{"id":5137,"href":"https:\/\/www.staysitges.com\/blog\/es\/wp-json\/wp\/v2\/posts\/5136\/revisions\/5137"}],"wp:featuredmedia":[{"embeddable":true,"href":"https:\/\/www.staysitges.com\/blog\/es\/wp-json\/wp\/v2\/media\/5134"}],"wp:attachment":[{"href":"https:\/\/www.staysitges.com\/blog\/es\/wp-json\/wp\/v2\/media?parent=5136"}],"wp:term":[{"taxonomy":"category","embeddable":true,"href":"https:\/\/www.staysitges.com\/blog\/es\/wp-json\/wp\/v2\/categories?post=5136"},{"taxonomy":"post_tag","embeddable":true,"href":"https:\/\/www.staysitges.com\/blog\/es\/wp-json\/wp\/v2\/tags?post=5136"}],"curies":[{"name":"wp","href":"https:\/\/api.w.org\/{rel}","templated":true}]}}